{"id":102998,"date":"2026-08-17T20:57:32","date_gmt":"2026-08-17T23:57:32","guid":{"rendered":"https:\/\/www.gracielamusteikis.com\/graciela-musteikis-monaco-2026\/"},"modified":"2026-08-17T20:57:32","modified_gmt":"2026-08-17T23:57:32","slug":"graciela-musteikis-monaco-2026","status":"publish","type":"post","link":"https:\/\/www.gracielamusteikis.com\/de\/graciela-musteikis-monaco-2026\/","title":{"rendered":"Graciela Musteikis Monaco 2026"},"content":{"rendered":"<p><img loading=\"lazy\" decoding=\"async\" class=\"size-medium wp-image-102982 alignleft\" src=\"https:\/\/www.gracielamusteikis.com\/wp-content\/uploads\/2026\/08\/Monaco-2026_750x1000-240x300.jpg\" alt=\"\" width=\"240\" height=\"300\">Graciela Musteikis stellt beim Monaco Contemporary Art Fair 2026 aus<\/p>\n<p>Die argentinische K\u00fcnstlerin Graciela Musteikis wird am Monaco Contemporary Art Fair 2026 teilnehmen, der vom 11. bis 13. September in Monaco stattfinden wird. Es wird ihre erste Pr\u00e4sentation im F\u00fcrstentum sein, vertreten durch MONAT Gallery. <\/p>\n<p>Der Monaco Contemporary Art Fair ist einer der exklusivsten Termine im europ\u00e4ischen zeitgen\u00f6ssischen Kunstzirkus und vereint Galerien, internationale K\u00fcnstler und Sammler der absoluten Spitze in einzigartiger Atmosph\u00e4re an der C\u00f4te d&#8217;Azur.<\/p>\n<p>Nach ihrem erfolgreichen Auftritt bei ART WORLD MARBELLA 2026 \u2014 wo MONAT Gallery ihre &#8222;k\u00fcnstlerische Vision und Professionalit\u00e4t&#8220; hervorhob \u2014, festigt Graciela eine internationale Laufbahn in vollem Aufschwung. Dieses neue Engagement in Monaco kommt zu einer rfgenj\u00e4hrigen Bilanz 2026 hinzu, die bereits Pr\u00e4sentationen in Madrid (\u00abPULSE\u00bb und \u00abSPECTRUM\u00bb), M\u00fcnchen (ARTMUC) und der Costa del Sol umfasst. <\/p>\n<h6>Die Auswahl der Werke, die sie in Monaco pr\u00e4sentieren wird, wird in K\u00fcrze bekannt gegeben.<\/h6>\n<h4><\/h4>\n<p>&nbsp;<\/p>\n<h4>\nVeranstaltungsdetails:<\/h4>\n<p>&nbsp;<\/p>\n<p>Veranstaltung: Monaco Contemporary Art Fair 2026<br \/>\nTermine: 11. \u2013 13. de September 2026<br \/>\nOrt: Monaco (Venue noch zu best\u00e4tigen)<br \/>\nGalerie: MONAT Gallery<br \/>\nK\u00fcnstlerin: Graciela Mar\u00eda Musteikis<\/p>\n<p>&nbsp;<\/p>\n","protected":false},"excerpt":{"rendered":"<p>Graciela Mar\u00eda Musteikis wird am Monaco Contemporary Art Fair 2026 teilnehmen, vom 11. bis 13. September. Erste Mal in Monaco, vertreten durch MONAT Gallery. <\/p>\n","protected":false},"author":3,"featured_media":102999,"comment_status":"closed","ping_status":"closed","sticky":false,"template":"","format":"standard","meta":{"_acf_changed":false,"_et_pb_use_builder":"","_et_pb_old_content":"","_et_gb_content_width":"","inline_featured_image":false,"footnotes":"","_members_access_role":[],"_members_access_error":""},"categories":[139,184],"tags":[],"class_list":["post-102998","post","type-post","status-publish","format-standard","has-post-thumbnail","hentry","category-ausstellungen","category-europa"],"yoast_head":"<!-- This site is optimized with the Yoast SEO plugin v28.4 - https:\/\/yoast.com\/product\/yoast-seo-wordpress\/ -->\n<title>Graciela Musteikis Monaco 2026 - Graciela Musteikis<\/title>\n<meta name=\"description\" content=\"raciela Musteikis wird am Monaco Contemporary Art Fair 2026 teilnehmen, vom 11. bis 13. September. Ihre erste Ausstellung in Monaco, vertreten durch MONAT Gallery.\" \/>\n<meta name=\"robots\" content=\"index, follow, max-snippet:-1, max-image-preview:large, max-video-preview:-1\" \/>\n<link rel=\"canonical\" href=\"https:\/\/www.gracielamusteikis.com\/de\/graciela-musteikis-monaco-2026\/\" \/>\n<meta property=\"og:locale\" content=\"de_DE\" \/>\n<meta property=\"og:type\" content=\"article\" \/>\n<meta property=\"og:title\" content=\"Graciela Musteikis Monaco 2026 - Graciela Musteikis\" \/>\n<meta property=\"og:description\" content=\"raciela Musteikis wird am Monaco Contemporary Art Fair 2026 teilnehmen, vom 11. bis 13. September. Ihre erste Ausstellung in Monaco, vertreten durch MONAT Gallery.\" \/>\n<meta property=\"og:url\" content=\"https:\/\/www.gracielamusteikis.com\/de\/graciela-musteikis-monaco-2026\/\" \/>\n<meta property=\"og:site_name\" content=\"Graciela Musteikis\" \/>\n<meta property=\"article:published_time\" content=\"2026-08-17T23:57:32+00:00\" \/>\n<meta property=\"og:image\" content=\"https:\/\/www.gracielamusteikis.com\/wp-content\/uploads\/2026\/08\/Monaco-2026_750x1000.jpg\" \/>\n\t<meta property=\"og:image:width\" content=\"750\" \/>\n\t<meta property=\"og:image:height\" content=\"938\" \/>\n\t<meta property=\"og:image:type\" content=\"image\/jpeg\" \/>\n<meta name=\"author\" content=\"Paula Feola\" \/>\n<meta name=\"twitter:card\" content=\"summary_large_image\" \/>\n<meta name=\"twitter:label1\" content=\"Verfasst von\" \/>\n\t<meta name=\"twitter:data1\" content=\"Paula Feola\" \/>\n\t<meta name=\"twitter:label2\" content=\"Gesch\u00e4tzte Lesezeit\" \/>\n\t<meta name=\"twitter:data2\" content=\"1\u00a0Minute\" \/>\n<script type=\"application\/ld+json\" class=\"yoast-schema-graph\">{\"@context\":\"https:\\\/\\\/schema.org\",\"@graph\":[{\"@type\":\"Article\",\"@id\":\"https:\\\/\\\/www.gracielamusteikis.com\\\/de\\\/graciela-musteikis-monaco-2026\\\/#article\",\"isPartOf\":{\"@id\":\"https:\\\/\\\/www.gracielamusteikis.com\\\/de\\\/graciela-musteikis-monaco-2026\\\/\"},\"author\":{\"name\":\"Paula Feola\",\"@id\":\"https:\\\/\\\/www.gracielamusteikis.com\\\/de\\\/#\\\/schema\\\/person\\\/bdf82a0854abd3ecbbb0e6ae9c6383ef\"},\"headline\":\"Graciela Musteikis Monaco 2026\",\"datePublished\":\"2026-08-17T23:57:32+00:00\",\"mainEntityOfPage\":{\"@id\":\"https:\\\/\\\/www.gracielamusteikis.com\\\/de\\\/graciela-musteikis-monaco-2026\\\/\"},\"wordCount\":186,\"publisher\":{\"@id\":\"https:\\\/\\\/www.gracielamusteikis.com\\\/de\\\/#\\\/schema\\\/person\\\/79086971e57f7c73f5b13213d39279d6\"},\"image\":{\"@id\":\"https:\\\/\\\/www.gracielamusteikis.com\\\/de\\\/graciela-musteikis-monaco-2026\\\/#primaryimage\"},\"thumbnailUrl\":\"https:\\\/\\\/www.gracielamusteikis.com\\\/wp-content\\\/uploads\\\/2026\\\/08\\\/Monaco-2026_750x1000.jpg\",\"articleSection\":[\"Ausstellungen\",\"Europa\"],\"inLanguage\":\"de\"},{\"@type\":\"WebPage\",\"@id\":\"https:\\\/\\\/www.gracielamusteikis.com\\\/de\\\/graciela-musteikis-monaco-2026\\\/\",\"url\":\"https:\\\/\\\/www.gracielamusteikis.com\\\/de\\\/graciela-musteikis-monaco-2026\\\/\",\"name\":\"Graciela Musteikis Monaco 2026 - Graciela Musteikis\",\"isPartOf\":{\"@id\":\"https:\\\/\\\/www.gracielamusteikis.com\\\/de\\\/#website\"},\"primaryImageOfPage\":{\"@id\":\"https:\\\/\\\/www.gracielamusteikis.com\\\/de\\\/graciela-musteikis-monaco-2026\\\/#primaryimage\"},\"image\":{\"@id\":\"https:\\\/\\\/www.gracielamusteikis.com\\\/de\\\/graciela-musteikis-monaco-2026\\\/#primaryimage\"},\"thumbnailUrl\":\"https:\\\/\\\/www.gracielamusteikis.com\\\/wp-content\\\/uploads\\\/2026\\\/08\\\/Monaco-2026_750x1000.jpg\",\"datePublished\":\"2026-08-17T23:57:32+00:00\",\"description\":\"raciela Musteikis wird am Monaco Contemporary Art Fair 2026 teilnehmen, vom 11. bis 13. September. Ihre erste Ausstellung in Monaco, vertreten durch MONAT Gallery.\",\"breadcrumb\":{\"@id\":\"https:\\\/\\\/www.gracielamusteikis.com\\\/de\\\/graciela-musteikis-monaco-2026\\\/#breadcrumb\"},\"inLanguage\":\"de\",\"potentialAction\":[{\"@type\":\"ReadAction\",\"target\":[\"https:\\\/\\\/www.gracielamusteikis.com\\\/de\\\/graciela-musteikis-monaco-2026\\\/\"]}]},{\"@type\":\"ImageObject\",\"inLanguage\":\"de\",\"@id\":\"https:\\\/\\\/www.gracielamusteikis.com\\\/de\\\/graciela-musteikis-monaco-2026\\\/#primaryimage\",\"url\":\"https:\\\/\\\/www.gracielamusteikis.com\\\/wp-content\\\/uploads\\\/2026\\\/08\\\/Monaco-2026_750x1000.jpg\",\"contentUrl\":\"https:\\\/\\\/www.gracielamusteikis.com\\\/wp-content\\\/uploads\\\/2026\\\/08\\\/Monaco-2026_750x1000.jpg\",\"width\":750,\"height\":938},{\"@type\":\"BreadcrumbList\",\"@id\":\"https:\\\/\\\/www.gracielamusteikis.com\\\/de\\\/graciela-musteikis-monaco-2026\\\/#breadcrumb\",\"itemListElement\":[{\"@type\":\"ListItem\",\"position\":1,\"name\":\"Portada\",\"item\":\"https:\\\/\\\/www.gracielamusteikis.com\\\/de\\\/\"},{\"@type\":\"ListItem\",\"position\":2,\"name\":\"Graciela Musteikis Monaco 2026\"}]},{\"@type\":\"WebSite\",\"@id\":\"https:\\\/\\\/www.gracielamusteikis.com\\\/de\\\/#website\",\"url\":\"https:\\\/\\\/www.gracielamusteikis.com\\\/de\\\/\",\"name\":\"Graciela Musteikis\",\"description\":\"Artista Pl\u00e1stica\",\"publisher\":{\"@id\":\"https:\\\/\\\/www.gracielamusteikis.com\\\/de\\\/#\\\/schema\\\/person\\\/79086971e57f7c73f5b13213d39279d6\"},\"potentialAction\":[{\"@type\":\"SearchAction\",\"target\":{\"@type\":\"EntryPoint\",\"urlTemplate\":\"https:\\\/\\\/www.gracielamusteikis.com\\\/de\\\/?s={search_term_string}\"},\"query-input\":{\"@type\":\"PropertyValueSpecification\",\"valueRequired\":true,\"valueName\":\"search_term_string\"}}],\"inLanguage\":\"de\"},{\"@type\":[\"Person\",\"Organization\"],\"@id\":\"https:\\\/\\\/www.gracielamusteikis.com\\\/de\\\/#\\\/schema\\\/person\\\/79086971e57f7c73f5b13213d39279d6\",\"name\":\"Graciela Musteikis\",\"image\":{\"@type\":\"ImageObject\",\"inLanguage\":\"de\",\"@id\":\"https:\\\/\\\/www.gracielamusteikis.com\\\/wp-content\\\/uploads\\\/2025\\\/01\\\/cropped-Logo_GM_blanco-y-negro_transp_80x80.png\",\"url\":\"https:\\\/\\\/www.gracielamusteikis.com\\\/wp-content\\\/uploads\\\/2025\\\/01\\\/cropped-Logo_GM_blanco-y-negro_transp_80x80.png\",\"contentUrl\":\"https:\\\/\\\/www.gracielamusteikis.com\\\/wp-content\\\/uploads\\\/2025\\\/01\\\/cropped-Logo_GM_blanco-y-negro_transp_80x80.png\",\"width\":512,\"height\":512,\"caption\":\"Graciela Musteikis\"},\"logo\":{\"@id\":\"https:\\\/\\\/www.gracielamusteikis.com\\\/wp-content\\\/uploads\\\/2025\\\/01\\\/cropped-Logo_GM_blanco-y-negro_transp_80x80.png\"},\"sameAs\":[\"https:\\\/\\\/www.instagram.com\\\/gold_graciela\\\/\"]},{\"@type\":\"Person\",\"@id\":\"https:\\\/\\\/www.gracielamusteikis.com\\\/de\\\/#\\\/schema\\\/person\\\/bdf82a0854abd3ecbbb0e6ae9c6383ef\",\"name\":\"Paula Feola\",\"sameAs\":[\"https:\\\/\\\/hostingdelsur.net\"],\"url\":\"https:\\\/\\\/www.gracielamusteikis.com\\\/de\\\/author\\\/paula-contenido\\\/\"}]}<\/script>\n<!-- \/ Yoast SEO plugin. -->","yoast_head_json":{"title":"Graciela Musteikis Monaco 2026 - Graciela Musteikis","description":"raciela Musteikis wird am Monaco Contemporary Art Fair 2026 teilnehmen, vom 11. bis 13. September. Ihre erste Ausstellung in Monaco, vertreten durch MONAT Gallery.","robots":{"index":"index","follow":"follow","max-snippet":"max-snippet:-1","max-image-preview":"max-image-preview:large","max-video-preview":"max-video-preview:-1"},"canonical":"https:\/\/www.gracielamusteikis.com\/de\/graciela-musteikis-monaco-2026\/","og_locale":"de_DE","og_type":"article","og_title":"Graciela Musteikis Monaco 2026 - Graciela Musteikis","og_description":"raciela Musteikis wird am Monaco Contemporary Art Fair 2026 teilnehmen, vom 11. bis 13. September. Ihre erste Ausstellung in Monaco, vertreten durch MONAT Gallery.","og_url":"https:\/\/www.gracielamusteikis.com\/de\/graciela-musteikis-monaco-2026\/","og_site_name":"Graciela Musteikis","article_published_time":"2026-08-17T23:57:32+00:00","og_image":[{"width":750,"height":938,"url":"https:\/\/www.gracielamusteikis.com\/wp-content\/uploads\/2026\/08\/Monaco-2026_750x1000.jpg","type":"image\/jpeg"}],"author":"Paula Feola","twitter_card":"summary_large_image","twitter_misc":{"Verfasst von":"Paula Feola","Gesch\u00e4tzte Lesezeit":"1\u00a0Minute"},"schema":{"@context":"https:\/\/schema.org","@graph":[{"@type":"Article","@id":"https:\/\/www.gracielamusteikis.com\/de\/graciela-musteikis-monaco-2026\/#article","isPartOf":{"@id":"https:\/\/www.gracielamusteikis.com\/de\/graciela-musteikis-monaco-2026\/"},"author":{"name":"Paula Feola","@id":"https:\/\/www.gracielamusteikis.com\/de\/#\/schema\/person\/bdf82a0854abd3ecbbb0e6ae9c6383ef"},"headline":"Graciela Musteikis Monaco 2026","datePublished":"2026-08-17T23:57:32+00:00","mainEntityOfPage":{"@id":"https:\/\/www.gracielamusteikis.com\/de\/graciela-musteikis-monaco-2026\/"},"wordCount":186,"publisher":{"@id":"https:\/\/www.gracielamusteikis.com\/de\/#\/schema\/person\/79086971e57f7c73f5b13213d39279d6"},"image":{"@id":"https:\/\/www.gracielamusteikis.com\/de\/graciela-musteikis-monaco-2026\/#primaryimage"},"thumbnailUrl":"https:\/\/www.gracielamusteikis.com\/wp-content\/uploads\/2026\/08\/Monaco-2026_750x1000.jpg","articleSection":["Ausstellungen","Europa"],"inLanguage":"de"},{"@type":"WebPage","@id":"https:\/\/www.gracielamusteikis.com\/de\/graciela-musteikis-monaco-2026\/","url":"https:\/\/www.gracielamusteikis.com\/de\/graciela-musteikis-monaco-2026\/","name":"Graciela Musteikis Monaco 2026 - Graciela Musteikis","isPartOf":{"@id":"https:\/\/www.gracielamusteikis.com\/de\/#website"},"primaryImageOfPage":{"@id":"https:\/\/www.gracielamusteikis.com\/de\/graciela-musteikis-monaco-2026\/#primaryimage"},"image":{"@id":"https:\/\/www.gracielamusteikis.com\/de\/graciela-musteikis-monaco-2026\/#primaryimage"},"thumbnailUrl":"https:\/\/www.gracielamusteikis.com\/wp-content\/uploads\/2026\/08\/Monaco-2026_750x1000.jpg","datePublished":"2026-08-17T23:57:32+00:00","description":"raciela Musteikis wird am Monaco Contemporary Art Fair 2026 teilnehmen, vom 11. bis 13. September. Ihre erste Ausstellung in Monaco, vertreten durch MONAT Gallery.","breadcrumb":{"@id":"https:\/\/www.gracielamusteikis.com\/de\/graciela-musteikis-monaco-2026\/#breadcrumb"},"inLanguage":"de","potentialAction":[{"@type":"ReadAction","target":["https:\/\/www.gracielamusteikis.com\/de\/graciela-musteikis-monaco-2026\/"]}]},{"@type":"ImageObject","inLanguage":"de","@id":"https:\/\/www.gracielamusteikis.com\/de\/graciela-musteikis-monaco-2026\/#primaryimage","url":"https:\/\/www.gracielamusteikis.com\/wp-content\/uploads\/2026\/08\/Monaco-2026_750x1000.jpg","contentUrl":"https:\/\/www.gracielamusteikis.com\/wp-content\/uploads\/2026\/08\/Monaco-2026_750x1000.jpg","width":750,"height":938},{"@type":"BreadcrumbList","@id":"https:\/\/www.gracielamusteikis.com\/de\/graciela-musteikis-monaco-2026\/#breadcrumb","itemListElement":[{"@type":"ListItem","position":1,"name":"Portada","item":"https:\/\/www.gracielamusteikis.com\/de\/"},{"@type":"ListItem","position":2,"name":"Graciela Musteikis Monaco 2026"}]},{"@type":"WebSite","@id":"https:\/\/www.gracielamusteikis.com\/de\/#website","url":"https:\/\/www.gracielamusteikis.com\/de\/","name":"Graciela Musteikis","description":"Artista Pl\u00e1stica","publisher":{"@id":"https:\/\/www.gracielamusteikis.com\/de\/#\/schema\/person\/79086971e57f7c73f5b13213d39279d6"},"potentialAction":[{"@type":"SearchAction","target":{"@type":"EntryPoint","urlTemplate":"https:\/\/www.gracielamusteikis.com\/de\/?s={search_term_string}"},"query-input":{"@type":"PropertyValueSpecification","valueRequired":true,"valueName":"search_term_string"}}],"inLanguage":"de"},{"@type":["Person","Organization"],"@id":"https:\/\/www.gracielamusteikis.com\/de\/#\/schema\/person\/79086971e57f7c73f5b13213d39279d6","name":"Graciela Musteikis","image":{"@type":"ImageObject","inLanguage":"de","@id":"https:\/\/www.gracielamusteikis.com\/wp-content\/uploads\/2025\/01\/cropped-Logo_GM_blanco-y-negro_transp_80x80.png","url":"https:\/\/www.gracielamusteikis.com\/wp-content\/uploads\/2025\/01\/cropped-Logo_GM_blanco-y-negro_transp_80x80.png","contentUrl":"https:\/\/www.gracielamusteikis.com\/wp-content\/uploads\/2025\/01\/cropped-Logo_GM_blanco-y-negro_transp_80x80.png","width":512,"height":512,"caption":"Graciela Musteikis"},"logo":{"@id":"https:\/\/www.gracielamusteikis.com\/wp-content\/uploads\/2025\/01\/cropped-Logo_GM_blanco-y-negro_transp_80x80.png"},"sameAs":["https:\/\/www.instagram.com\/gold_graciela\/"]},{"@type":"Person","@id":"https:\/\/www.gracielamusteikis.com\/de\/#\/schema\/person\/bdf82a0854abd3ecbbb0e6ae9c6383ef","name":"Paula Feola","sameAs":["https:\/\/hostingdelsur.net"],"url":"https:\/\/www.gracielamusteikis.com\/de\/author\/paula-contenido\/"}]}},"acf":[],"_links":{"self":[{"href":"https:\/\/www.gracielamusteikis.com\/de\/wp-json\/wp\/v2\/posts\/102998","targetHints":{"allow":["GET"]}}],"collection":[{"href":"https:\/\/www.gracielamusteikis.com\/de\/wp-json\/wp\/v2\/posts"}],"about":[{"href":"https:\/\/www.gracielamusteikis.com\/de\/wp-json\/wp\/v2\/types\/post"}],"author":[{"embeddable":true,"href":"https:\/\/www.gracielamusteikis.com\/de\/wp-json\/wp\/v2\/users\/3"}],"replies":[{"embeddable":true,"href":"https:\/\/www.gracielamusteikis.com\/de\/wp-json\/wp\/v2\/comments?post=102998"}],"version-history":[{"count":0,"href":"https:\/\/www.gracielamusteikis.com\/de\/wp-json\/wp\/v2\/posts\/102998\/revisions"}],"wp:featuredmedia":[{"embeddable":true,"href":"https:\/\/www.gracielamusteikis.com\/de\/wp-json\/wp\/v2\/media\/102999"}],"wp:attachment":[{"href":"https:\/\/www.gracielamusteikis.com\/de\/wp-json\/wp\/v2\/media?parent=102998"}],"wp:term":[{"taxonomy":"category","embeddable":true,"href":"https:\/\/www.gracielamusteikis.com\/de\/wp-json\/wp\/v2\/categories?post=102998"},{"taxonomy":"post_tag","embeddable":true,"href":"https:\/\/www.gracielamusteikis.com\/de\/wp-json\/wp\/v2\/tags?post=102998"}],"curies":[{"name":"wp","href":"https:\/\/api.w.org\/{rel}","templated":true}]}}