{"id":102988,"date":"2026-08-17T20:30:51","date_gmt":"2026-08-17T23:30:51","guid":{"rendered":"https:\/\/www.gracielamusteikis.com\/graciela-musteikis-a-art-world-marbella-2026\/"},"modified":"2026-08-17T20:30:51","modified_gmt":"2026-08-17T23:30:51","slug":"graciela-musteikis-a-art-world-marbella-2026","status":"publish","type":"post","link":"https:\/\/www.gracielamusteikis.com\/it\/graciela-musteikis-a-art-world-marbella-2026\/","title":{"rendered":"Graciela Musteikis a ART WORLD MARBELLA 2026"},"content":{"rendered":"<p><img loading=\"lazy\" decoding=\"async\" class=\"aligncenter wp-image-102966\" src=\"https:\/\/www.gracielamusteikis.com\/wp-content\/uploads\/2026\/08\/GRACIELA-MARIA-MUSTEIKIS-Marbella_2026_1000x750.jpg\" alt=\"\" width=\"500\" height=\"354\"><\/p>\n\n\t\t<style>\n\t\t\t#gallery-1 {\n\t\t\t\tmargin: auto;\n\t\t\t}\n\t\t\t#gallery-1 .gallery-item {\n\t\t\t\tfloat: left;\n\t\t\t\tmargin-top: 10px;\n\t\t\t\ttext-align: center;\n\t\t\t\twidth: 33%;\n\t\t\t}\n\t\t\t#gallery-1 img {\n\t\t\t\tborder: 2px solid #cfcfcf;\n\t\t\t}\n\t\t\t#gallery-1 .gallery-caption {\n\t\t\t\tmargin-left: 0;\n\t\t\t}\n\t\t\t\/* see gallery_shortcode() in wp-includes\/media.php *\/\n\t\t<\/style>\n\t\t<div id='gallery-1' class='gallery galleryid-102988 gallery-columns-3 gallery-size-medium'><dl class='gallery-item'>\n\t\t\t<dt class='gallery-icon landscape'>\n\t\t\t\t<a href='https:\/\/www.gracielamusteikis.com\/it\/graciela-musteikis-a-art-world-marbella-2026\/obras-01_1000x750-2\/'><img loading=\"lazy\" decoding=\"async\" width=\"300\" height=\"220\" src=\"https:\/\/www.gracielamusteikis.com\/wp-content\/uploads\/2026\/08\/obras-01_1000x750-300x220.jpg\" class=\"attachment-medium size-medium\" alt=\"\" \/><\/a>\n\t\t\t<\/dt><\/dl><dl class='gallery-item'>\n\t\t\t<dt class='gallery-icon landscape'>\n\t\t\t\t<a href='https:\/\/www.gracielamusteikis.com\/it\/graciela-musteikis-a-art-world-marbella-2026\/obras-02_1000x750-2\/'><img loading=\"lazy\" decoding=\"async\" width=\"300\" height=\"242\" src=\"https:\/\/www.gracielamusteikis.com\/wp-content\/uploads\/2026\/08\/obras-02_1000x750-300x242.jpg\" class=\"attachment-medium size-medium\" alt=\"\" \/><\/a>\n\t\t\t<\/dt><\/dl><dl class='gallery-item'>\n\t\t\t<dt class='gallery-icon landscape'>\n\t\t\t\t<a href='https:\/\/www.gracielamusteikis.com\/it\/graciela-musteikis-a-art-world-marbella-2026\/obras-03_1000x750-2\/'><img loading=\"lazy\" decoding=\"async\" width=\"300\" height=\"192\" src=\"https:\/\/www.gracielamusteikis.com\/wp-content\/uploads\/2026\/08\/obras-03_1000x750-300x192.jpg\" class=\"attachment-medium size-medium\" alt=\"\" \/><\/a>\n\t\t\t<\/dt><\/dl><br style=\"clear: both\" \/>\n\t\t<\/div>\n\n<p>Graciela Musteikis a ART WORLD MARBELLA 2026<\/p>\n<p>Graciela Mar\u00eda Musteikis ha chiuso una tappa importante nella sua carriera internazionale partecipando ad ART WORLD MARBELLA 2026, una delle fiere d&#8217;arte contemporanea pi\u00f9 rilevanti dell&#8217;estate europea. L&#8217;evento si \u00e8 svolto dal 30 luglio al 2 agosto presso il Palazzo dei Congressi e delle Esposizioni Adolfo Su\u00e1rez di Marbella, sotto la rappresentanza di MONAT Gallery. <\/p>\n<p>La fiera, organizzata da MONAT Gallery in collaborazione con Artsper e Art World Fairs, ha riunito artisti, collezionisti, gallerie e professionisti culturali da tutto il mondo in quattro giorni di esposizioni, performance artistiche, conferenze ed esperienze culturali.<\/p>\n<p>La partecipazione di Graciela \u00e8 stata ufficialmente riconosciuta da MONAT Gallery, che ha evidenziato la sua \u00abvisione artistica e professionalit\u00e0\u00bb, sottolineando come il suo contributo \u00ababbia arricchito significativamente la qualit\u00e0 e il successo di questa esposizione internazionale\u00bb.<\/p>\n<p>Questo riconoscimento si aggiunge a una carriera in continua crescita nel 2026: dopo le sue riuscite presentazioni a Madrid \u2014\u00abPULSE\u00bb e \u00abSPECTRUM\u00bb\u2014 e il suo passaggio all&#8217;ARTMUC di Monaco di Baviera, l&#8217;artista argentina consolida la sua presenza nel circuito europeo, portando il suo linguaggio artistico \u2014ricco di texture e profondit\u00e0\u2014 uno degli scenari pi\u00f9 esclusivi dell&#8217;arte contemporanea.<\/p>\n","protected":false},"excerpt":{"rendered":"<p>Graciela Mar\u00eda Musteikis ha partecipato ad ART WORLD MARBELLA 2026, rappresentata da MONAT Gallery. Dal 30 luglio al 2 agosto, presso il Palazzo dei Congressi e delle Esposizioni Adolfo Su\u00e1rez. Una delle fiere d&#8217;arte contemporanea pi\u00f9 importanti dell&#8217;estate europea.  <\/p>\n","protected":false},"author":3,"featured_media":102990,"comment_status":"closed","ping_status":"closed","sticky":false,"template":"","format":"standard","meta":{"_acf_changed":false,"_et_pb_use_builder":"","_et_pb_old_content":"","_et_gb_content_width":"","inline_featured_image":false,"footnotes":"","_members_access_role":[],"_members_access_error":""},"categories":[185,129],"tags":[],"class_list":["post-102988","post","type-post","status-publish","format-standard","has-post-thumbnail","hentry","category-europa","category-mostre"],"yoast_head":"<!-- This site is optimized with the Yoast SEO plugin v28.4 - https:\/\/yoast.com\/product\/yoast-seo-wordpress\/ -->\n<title>Graciela Musteikis a ART WORLD MARBELLA 2026 - Graciela Musteikis<\/title>\n<meta name=\"description\" content=\"Graciela Musteikis ha partecipato ad ART WORLD MARBELLA 2026, rappresentata da MONAT Gallery. Una delle fiere d&#039;arte contemporanea pi\u00f9 importanti dell&#039;estate europea.\" \/>\n<meta name=\"robots\" content=\"index, follow, max-snippet:-1, max-image-preview:large, max-video-preview:-1\" \/>\n<link rel=\"canonical\" href=\"https:\/\/www.gracielamusteikis.com\/it\/graciela-musteikis-a-art-world-marbella-2026\/\" \/>\n<meta property=\"og:locale\" content=\"it_IT\" \/>\n<meta property=\"og:type\" content=\"article\" \/>\n<meta property=\"og:title\" content=\"Graciela Musteikis a ART WORLD MARBELLA 2026 - Graciela Musteikis\" \/>\n<meta property=\"og:description\" content=\"Graciela Musteikis ha partecipato ad ART WORLD MARBELLA 2026, rappresentata da MONAT Gallery. Una delle fiere d&#039;arte contemporanea pi\u00f9 importanti dell&#039;estate europea.\" \/>\n<meta property=\"og:url\" content=\"https:\/\/www.gracielamusteikis.com\/it\/graciela-musteikis-a-art-world-marbella-2026\/\" \/>\n<meta property=\"og:site_name\" content=\"Graciela Musteikis\" \/>\n<meta property=\"article:published_time\" content=\"2026-08-17T23:30:51+00:00\" \/>\n<meta property=\"og:image\" content=\"https:\/\/www.gracielamusteikis.com\/wp-content\/uploads\/2026\/08\/obras-02_1000x750.jpg\" \/>\n\t<meta property=\"og:image:width\" content=\"931\" \/>\n\t<meta property=\"og:image:height\" content=\"750\" \/>\n\t<meta property=\"og:image:type\" content=\"image\/jpeg\" \/>\n<meta name=\"author\" content=\"Paula Feola\" \/>\n<meta name=\"twitter:card\" content=\"summary_large_image\" \/>\n<meta name=\"twitter:label1\" content=\"Scritto da\" \/>\n\t<meta name=\"twitter:data1\" content=\"Paula Feola\" \/>\n\t<meta name=\"twitter:label2\" content=\"Tempo di lettura stimato\" \/>\n\t<meta name=\"twitter:data2\" content=\"1 minuto\" \/>\n<script type=\"application\/ld+json\" class=\"yoast-schema-graph\">{\"@context\":\"https:\\\/\\\/schema.org\",\"@graph\":[{\"@type\":\"Article\",\"@id\":\"https:\\\/\\\/www.gracielamusteikis.com\\\/it\\\/graciela-musteikis-a-art-world-marbella-2026\\\/#article\",\"isPartOf\":{\"@id\":\"https:\\\/\\\/www.gracielamusteikis.com\\\/it\\\/graciela-musteikis-a-art-world-marbella-2026\\\/\"},\"author\":{\"name\":\"Paula Feola\",\"@id\":\"https:\\\/\\\/www.gracielamusteikis.com\\\/it\\\/#\\\/schema\\\/person\\\/bdf82a0854abd3ecbbb0e6ae9c6383ef\"},\"headline\":\"Graciela Musteikis a ART WORLD MARBELLA 2026\",\"datePublished\":\"2026-08-17T23:30:51+00:00\",\"mainEntityOfPage\":{\"@id\":\"https:\\\/\\\/www.gracielamusteikis.com\\\/it\\\/graciela-musteikis-a-art-world-marbella-2026\\\/\"},\"wordCount\":204,\"publisher\":{\"@id\":\"https:\\\/\\\/www.gracielamusteikis.com\\\/it\\\/#\\\/schema\\\/person\\\/79086971e57f7c73f5b13213d39279d6\"},\"image\":{\"@id\":\"https:\\\/\\\/www.gracielamusteikis.com\\\/it\\\/graciela-musteikis-a-art-world-marbella-2026\\\/#primaryimage\"},\"thumbnailUrl\":\"https:\\\/\\\/www.gracielamusteikis.com\\\/wp-content\\\/uploads\\\/2026\\\/08\\\/obras-02_1000x750.jpg\",\"articleSection\":[\"Europa\",\"Mostre\"],\"inLanguage\":\"it-IT\"},{\"@type\":\"WebPage\",\"@id\":\"https:\\\/\\\/www.gracielamusteikis.com\\\/it\\\/graciela-musteikis-a-art-world-marbella-2026\\\/\",\"url\":\"https:\\\/\\\/www.gracielamusteikis.com\\\/it\\\/graciela-musteikis-a-art-world-marbella-2026\\\/\",\"name\":\"Graciela Musteikis a ART WORLD MARBELLA 2026 - Graciela Musteikis\",\"isPartOf\":{\"@id\":\"https:\\\/\\\/www.gracielamusteikis.com\\\/it\\\/#website\"},\"primaryImageOfPage\":{\"@id\":\"https:\\\/\\\/www.gracielamusteikis.com\\\/it\\\/graciela-musteikis-a-art-world-marbella-2026\\\/#primaryimage\"},\"image\":{\"@id\":\"https:\\\/\\\/www.gracielamusteikis.com\\\/it\\\/graciela-musteikis-a-art-world-marbella-2026\\\/#primaryimage\"},\"thumbnailUrl\":\"https:\\\/\\\/www.gracielamusteikis.com\\\/wp-content\\\/uploads\\\/2026\\\/08\\\/obras-02_1000x750.jpg\",\"datePublished\":\"2026-08-17T23:30:51+00:00\",\"description\":\"Graciela Musteikis ha partecipato ad ART WORLD MARBELLA 2026, rappresentata da MONAT Gallery. Una delle fiere d'arte contemporanea pi\u00f9 importanti dell'estate europea.\",\"breadcrumb\":{\"@id\":\"https:\\\/\\\/www.gracielamusteikis.com\\\/it\\\/graciela-musteikis-a-art-world-marbella-2026\\\/#breadcrumb\"},\"inLanguage\":\"it-IT\",\"potentialAction\":[{\"@type\":\"ReadAction\",\"target\":[\"https:\\\/\\\/www.gracielamusteikis.com\\\/it\\\/graciela-musteikis-a-art-world-marbella-2026\\\/\"]}]},{\"@type\":\"ImageObject\",\"inLanguage\":\"it-IT\",\"@id\":\"https:\\\/\\\/www.gracielamusteikis.com\\\/it\\\/graciela-musteikis-a-art-world-marbella-2026\\\/#primaryimage\",\"url\":\"https:\\\/\\\/www.gracielamusteikis.com\\\/wp-content\\\/uploads\\\/2026\\\/08\\\/obras-02_1000x750.jpg\",\"contentUrl\":\"https:\\\/\\\/www.gracielamusteikis.com\\\/wp-content\\\/uploads\\\/2026\\\/08\\\/obras-02_1000x750.jpg\",\"width\":931,\"height\":750},{\"@type\":\"BreadcrumbList\",\"@id\":\"https:\\\/\\\/www.gracielamusteikis.com\\\/it\\\/graciela-musteikis-a-art-world-marbella-2026\\\/#breadcrumb\",\"itemListElement\":[{\"@type\":\"ListItem\",\"position\":1,\"name\":\"Portada\",\"item\":\"https:\\\/\\\/www.gracielamusteikis.com\\\/it\\\/\"},{\"@type\":\"ListItem\",\"position\":2,\"name\":\"Graciela Musteikis a ART WORLD MARBELLA 2026\"}]},{\"@type\":\"WebSite\",\"@id\":\"https:\\\/\\\/www.gracielamusteikis.com\\\/it\\\/#website\",\"url\":\"https:\\\/\\\/www.gracielamusteikis.com\\\/it\\\/\",\"name\":\"Graciela Musteikis\",\"description\":\"Artista Pl\u00e1stica\",\"publisher\":{\"@id\":\"https:\\\/\\\/www.gracielamusteikis.com\\\/it\\\/#\\\/schema\\\/person\\\/79086971e57f7c73f5b13213d39279d6\"},\"potentialAction\":[{\"@type\":\"SearchAction\",\"target\":{\"@type\":\"EntryPoint\",\"urlTemplate\":\"https:\\\/\\\/www.gracielamusteikis.com\\\/it\\\/?s={search_term_string}\"},\"query-input\":{\"@type\":\"PropertyValueSpecification\",\"valueRequired\":true,\"valueName\":\"search_term_string\"}}],\"inLanguage\":\"it-IT\"},{\"@type\":[\"Person\",\"Organization\"],\"@id\":\"https:\\\/\\\/www.gracielamusteikis.com\\\/it\\\/#\\\/schema\\\/person\\\/79086971e57f7c73f5b13213d39279d6\",\"name\":\"Graciela Musteikis\",\"image\":{\"@type\":\"ImageObject\",\"inLanguage\":\"it-IT\",\"@id\":\"https:\\\/\\\/www.gracielamusteikis.com\\\/wp-content\\\/uploads\\\/2025\\\/01\\\/cropped-Logo_GM_blanco-y-negro_transp_80x80.png\",\"url\":\"https:\\\/\\\/www.gracielamusteikis.com\\\/wp-content\\\/uploads\\\/2025\\\/01\\\/cropped-Logo_GM_blanco-y-negro_transp_80x80.png\",\"contentUrl\":\"https:\\\/\\\/www.gracielamusteikis.com\\\/wp-content\\\/uploads\\\/2025\\\/01\\\/cropped-Logo_GM_blanco-y-negro_transp_80x80.png\",\"width\":512,\"height\":512,\"caption\":\"Graciela Musteikis\"},\"logo\":{\"@id\":\"https:\\\/\\\/www.gracielamusteikis.com\\\/wp-content\\\/uploads\\\/2025\\\/01\\\/cropped-Logo_GM_blanco-y-negro_transp_80x80.png\"},\"sameAs\":[\"https:\\\/\\\/www.instagram.com\\\/gold_graciela\\\/\"]},{\"@type\":\"Person\",\"@id\":\"https:\\\/\\\/www.gracielamusteikis.com\\\/it\\\/#\\\/schema\\\/person\\\/bdf82a0854abd3ecbbb0e6ae9c6383ef\",\"name\":\"Paula Feola\",\"sameAs\":[\"https:\\\/\\\/hostingdelsur.net\"],\"url\":\"https:\\\/\\\/www.gracielamusteikis.com\\\/it\\\/author\\\/paula-contenido\\\/\"}]}<\/script>\n<!-- \/ Yoast SEO plugin. -->","yoast_head_json":{"title":"Graciela Musteikis a ART WORLD MARBELLA 2026 - Graciela Musteikis","description":"Graciela Musteikis ha partecipato ad ART WORLD MARBELLA 2026, rappresentata da MONAT Gallery. Una delle fiere d'arte contemporanea pi\u00f9 importanti dell'estate europea.","robots":{"index":"index","follow":"follow","max-snippet":"max-snippet:-1","max-image-preview":"max-image-preview:large","max-video-preview":"max-video-preview:-1"},"canonical":"https:\/\/www.gracielamusteikis.com\/it\/graciela-musteikis-a-art-world-marbella-2026\/","og_locale":"it_IT","og_type":"article","og_title":"Graciela Musteikis a ART WORLD MARBELLA 2026 - Graciela Musteikis","og_description":"Graciela Musteikis ha partecipato ad ART WORLD MARBELLA 2026, rappresentata da MONAT Gallery. Una delle fiere d'arte contemporanea pi\u00f9 importanti dell'estate europea.","og_url":"https:\/\/www.gracielamusteikis.com\/it\/graciela-musteikis-a-art-world-marbella-2026\/","og_site_name":"Graciela Musteikis","article_published_time":"2026-08-17T23:30:51+00:00","og_image":[{"width":931,"height":750,"url":"https:\/\/www.gracielamusteikis.com\/wp-content\/uploads\/2026\/08\/obras-02_1000x750.jpg","type":"image\/jpeg"}],"author":"Paula Feola","twitter_card":"summary_large_image","twitter_misc":{"Scritto da":"Paula Feola","Tempo di lettura stimato":"1 minuto"},"schema":{"@context":"https:\/\/schema.org","@graph":[{"@type":"Article","@id":"https:\/\/www.gracielamusteikis.com\/it\/graciela-musteikis-a-art-world-marbella-2026\/#article","isPartOf":{"@id":"https:\/\/www.gracielamusteikis.com\/it\/graciela-musteikis-a-art-world-marbella-2026\/"},"author":{"name":"Paula Feola","@id":"https:\/\/www.gracielamusteikis.com\/it\/#\/schema\/person\/bdf82a0854abd3ecbbb0e6ae9c6383ef"},"headline":"Graciela Musteikis a ART WORLD MARBELLA 2026","datePublished":"2026-08-17T23:30:51+00:00","mainEntityOfPage":{"@id":"https:\/\/www.gracielamusteikis.com\/it\/graciela-musteikis-a-art-world-marbella-2026\/"},"wordCount":204,"publisher":{"@id":"https:\/\/www.gracielamusteikis.com\/it\/#\/schema\/person\/79086971e57f7c73f5b13213d39279d6"},"image":{"@id":"https:\/\/www.gracielamusteikis.com\/it\/graciela-musteikis-a-art-world-marbella-2026\/#primaryimage"},"thumbnailUrl":"https:\/\/www.gracielamusteikis.com\/wp-content\/uploads\/2026\/08\/obras-02_1000x750.jpg","articleSection":["Europa","Mostre"],"inLanguage":"it-IT"},{"@type":"WebPage","@id":"https:\/\/www.gracielamusteikis.com\/it\/graciela-musteikis-a-art-world-marbella-2026\/","url":"https:\/\/www.gracielamusteikis.com\/it\/graciela-musteikis-a-art-world-marbella-2026\/","name":"Graciela Musteikis a ART WORLD MARBELLA 2026 - Graciela Musteikis","isPartOf":{"@id":"https:\/\/www.gracielamusteikis.com\/it\/#website"},"primaryImageOfPage":{"@id":"https:\/\/www.gracielamusteikis.com\/it\/graciela-musteikis-a-art-world-marbella-2026\/#primaryimage"},"image":{"@id":"https:\/\/www.gracielamusteikis.com\/it\/graciela-musteikis-a-art-world-marbella-2026\/#primaryimage"},"thumbnailUrl":"https:\/\/www.gracielamusteikis.com\/wp-content\/uploads\/2026\/08\/obras-02_1000x750.jpg","datePublished":"2026-08-17T23:30:51+00:00","description":"Graciela Musteikis ha partecipato ad ART WORLD MARBELLA 2026, rappresentata da MONAT Gallery. Una delle fiere d'arte contemporanea pi\u00f9 importanti dell'estate europea.","breadcrumb":{"@id":"https:\/\/www.gracielamusteikis.com\/it\/graciela-musteikis-a-art-world-marbella-2026\/#breadcrumb"},"inLanguage":"it-IT","potentialAction":[{"@type":"ReadAction","target":["https:\/\/www.gracielamusteikis.com\/it\/graciela-musteikis-a-art-world-marbella-2026\/"]}]},{"@type":"ImageObject","inLanguage":"it-IT","@id":"https:\/\/www.gracielamusteikis.com\/it\/graciela-musteikis-a-art-world-marbella-2026\/#primaryimage","url":"https:\/\/www.gracielamusteikis.com\/wp-content\/uploads\/2026\/08\/obras-02_1000x750.jpg","contentUrl":"https:\/\/www.gracielamusteikis.com\/wp-content\/uploads\/2026\/08\/obras-02_1000x750.jpg","width":931,"height":750},{"@type":"BreadcrumbList","@id":"https:\/\/www.gracielamusteikis.com\/it\/graciela-musteikis-a-art-world-marbella-2026\/#breadcrumb","itemListElement":[{"@type":"ListItem","position":1,"name":"Portada","item":"https:\/\/www.gracielamusteikis.com\/it\/"},{"@type":"ListItem","position":2,"name":"Graciela Musteikis a ART WORLD MARBELLA 2026"}]},{"@type":"WebSite","@id":"https:\/\/www.gracielamusteikis.com\/it\/#website","url":"https:\/\/www.gracielamusteikis.com\/it\/","name":"Graciela Musteikis","description":"Artista Pl\u00e1stica","publisher":{"@id":"https:\/\/www.gracielamusteikis.com\/it\/#\/schema\/person\/79086971e57f7c73f5b13213d39279d6"},"potentialAction":[{"@type":"SearchAction","target":{"@type":"EntryPoint","urlTemplate":"https:\/\/www.gracielamusteikis.com\/it\/?s={search_term_string}"},"query-input":{"@type":"PropertyValueSpecification","valueRequired":true,"valueName":"search_term_string"}}],"inLanguage":"it-IT"},{"@type":["Person","Organization"],"@id":"https:\/\/www.gracielamusteikis.com\/it\/#\/schema\/person\/79086971e57f7c73f5b13213d39279d6","name":"Graciela Musteikis","image":{"@type":"ImageObject","inLanguage":"it-IT","@id":"https:\/\/www.gracielamusteikis.com\/wp-content\/uploads\/2025\/01\/cropped-Logo_GM_blanco-y-negro_transp_80x80.png","url":"https:\/\/www.gracielamusteikis.com\/wp-content\/uploads\/2025\/01\/cropped-Logo_GM_blanco-y-negro_transp_80x80.png","contentUrl":"https:\/\/www.gracielamusteikis.com\/wp-content\/uploads\/2025\/01\/cropped-Logo_GM_blanco-y-negro_transp_80x80.png","width":512,"height":512,"caption":"Graciela Musteikis"},"logo":{"@id":"https:\/\/www.gracielamusteikis.com\/wp-content\/uploads\/2025\/01\/cropped-Logo_GM_blanco-y-negro_transp_80x80.png"},"sameAs":["https:\/\/www.instagram.com\/gold_graciela\/"]},{"@type":"Person","@id":"https:\/\/www.gracielamusteikis.com\/it\/#\/schema\/person\/bdf82a0854abd3ecbbb0e6ae9c6383ef","name":"Paula Feola","sameAs":["https:\/\/hostingdelsur.net"],"url":"https:\/\/www.gracielamusteikis.com\/it\/author\/paula-contenido\/"}]}},"acf":[],"_links":{"self":[{"href":"https:\/\/www.gracielamusteikis.com\/it\/wp-json\/wp\/v2\/posts\/102988","targetHints":{"allow":["GET"]}}],"collection":[{"href":"https:\/\/www.gracielamusteikis.com\/it\/wp-json\/wp\/v2\/posts"}],"about":[{"href":"https:\/\/www.gracielamusteikis.com\/it\/wp-json\/wp\/v2\/types\/post"}],"author":[{"embeddable":true,"href":"https:\/\/www.gracielamusteikis.com\/it\/wp-json\/wp\/v2\/users\/3"}],"replies":[{"embeddable":true,"href":"https:\/\/www.gracielamusteikis.com\/it\/wp-json\/wp\/v2\/comments?post=102988"}],"version-history":[{"count":0,"href":"https:\/\/www.gracielamusteikis.com\/it\/wp-json\/wp\/v2\/posts\/102988\/revisions"}],"wp:featuredmedia":[{"embeddable":true,"href":"https:\/\/www.gracielamusteikis.com\/it\/wp-json\/wp\/v2\/media\/102990"}],"wp:attachment":[{"href":"https:\/\/www.gracielamusteikis.com\/it\/wp-json\/wp\/v2\/media?parent=102988"}],"wp:term":[{"taxonomy":"category","embeddable":true,"href":"https:\/\/www.gracielamusteikis.com\/it\/wp-json\/wp\/v2\/categories?post=102988"},{"taxonomy":"post_tag","embeddable":true,"href":"https:\/\/www.gracielamusteikis.com\/it\/wp-json\/wp\/v2\/tags?post=102988"}],"curies":[{"name":"wp","href":"https:\/\/api.w.org\/{rel}","templated":true}]}}