{"id":102992,"date":"2026-08-17T20:57:32","date_gmt":"2026-08-17T23:57:32","guid":{"rendered":"https:\/\/www.gracielamusteikis.com\/graciela-musteikis-monaco-2026\/"},"modified":"2026-08-17T20:57:32","modified_gmt":"2026-08-17T23:57:32","slug":"graciela-musteikis-monaco-2026","status":"publish","type":"post","link":"https:\/\/www.gracielamusteikis.com\/it\/graciela-musteikis-monaco-2026\/","title":{"rendered":"Graciela Musteikis M\u00f3naco 2026"},"content":{"rendered":"<p><img loading=\"lazy\" decoding=\"async\" class=\"size-medium wp-image-102982 alignleft\" src=\"https:\/\/www.gracielamusteikis.com\/wp-content\/uploads\/2026\/08\/Monaco-2026_750x1000-240x300.jpg\" alt=\"\" width=\"240\" height=\"300\">Graciela Musteikis espone al Monaco Contemporary Art Fair 2026<\/p>\n<p>L&#8217;artista argentina Graciela Musteikis parteciper\u00e0 al Monaco Contemporary Art Fair 2026, che si terr\u00e0 dall&#8217;11 al 13 settembre a Monaco. Sar\u00e0 la sua prima presentazione nel principato, rappresentata da MONAT Gallery. <\/p>\n<p>Il Monaco Contemporary Art Fair \u00e8 uno degli appuntamenti pi\u00f9 esclusivi del circuito dell&#8217;arte contemporanea europea, riunendo gallerie, artisti internazionali e collezionisti di primo livello in un ambiente unico sulla Costa Azzurra.<\/p>\n<p>Dopo il suo riuscito intervento ad ART WORLD MARBELLA 2026 \u2014 dove MONAT Gallery ha evidenziato la sua \u00abvisione artistica e professionalit\u00e0\u00bb \u2014, Graciela continua a consolidare una carriera internazionale in piena espansione. Questo nuovo impegno a Monaco si aggiunge a una stagione 2026 che include gi\u00e0 presentazioni a Madrid (\u00abPULSE\u00bb e \u00abSPECTRUM\u00bb), Monaco di Baviera (ARTMUC) e la Costa del Sol spagnola.<br \/>Pasame el siguiente. <\/p>\n<h6>La selezione delle opere che presenter\u00e0 a Monaco sar\u00e0 comunicata a breve.<\/h6>\n<h4><\/h4>\n<p>&nbsp;<\/p>\n<h4>\nDettagli dell&#8217;evento:<\/h4>\n<p>&nbsp;<\/p>\n<p>Evento: Monaco Contemporary Art Fair 2026<br \/>\nDate: 11 \u2013 13 de settembre 2026<br \/>\nLugar: Monaco (venue da confermare)<br \/>\nGalleria: MONAT Gallery<br \/>\nArtista: Graciela Mar\u00eda Musteikis<\/p>\n<p>&nbsp;<\/p>\n","protected":false},"excerpt":{"rendered":"<p>Graciela Mar\u00eda Musteikis parteciper\u00e0 al Monaco Contemporary Art Fair 2026, dall&#8217;11 al 13 settembre. Prima volta a Monaco, rappresentata da MONAT Gallery. <\/p>\n","protected":false},"author":3,"featured_media":102993,"comment_status":"closed","ping_status":"closed","sticky":false,"template":"","format":"standard","meta":{"_acf_changed":false,"_et_pb_use_builder":"","_et_pb_old_content":"","_et_gb_content_width":"","inline_featured_image":false,"footnotes":"","_members_access_role":[],"_members_access_error":""},"categories":[185,129],"tags":[],"class_list":["post-102992","post","type-post","status-publish","format-standard","has-post-thumbnail","hentry","category-europa","category-mostre"],"yoast_head":"<!-- This site is optimized with the Yoast SEO plugin v28.4 - https:\/\/yoast.com\/product\/yoast-seo-wordpress\/ -->\n<title>Graciela Musteikis M\u00f3naco 2026 - Graciela Musteikis<\/title>\n<meta name=\"description\" content=\"Graciela Musteikis parteciper\u00e0 al Monaco Contemporary Art Fair 2026, dall&#039;11 al 13 settembre. La sua prima esposizione a Monaco, rappresentata da MONAT Gallery.\" \/>\n<meta name=\"robots\" content=\"index, follow, max-snippet:-1, max-image-preview:large, max-video-preview:-1\" \/>\n<link rel=\"canonical\" href=\"https:\/\/www.gracielamusteikis.com\/it\/graciela-musteikis-monaco-2026\/\" \/>\n<meta property=\"og:locale\" content=\"it_IT\" \/>\n<meta property=\"og:type\" content=\"article\" \/>\n<meta property=\"og:title\" content=\"Graciela Musteikis M\u00f3naco 2026 - Graciela Musteikis\" \/>\n<meta property=\"og:description\" content=\"Graciela Musteikis parteciper\u00e0 al Monaco Contemporary Art Fair 2026, dall&#039;11 al 13 settembre. La sua prima esposizione a Monaco, rappresentata da MONAT Gallery.\" \/>\n<meta property=\"og:url\" content=\"https:\/\/www.gracielamusteikis.com\/it\/graciela-musteikis-monaco-2026\/\" \/>\n<meta property=\"og:site_name\" content=\"Graciela Musteikis\" \/>\n<meta property=\"article:published_time\" content=\"2026-08-17T23:57:32+00:00\" \/>\n<meta property=\"og:image\" content=\"https:\/\/www.gracielamusteikis.com\/wp-content\/uploads\/2026\/08\/Monaco-2026_750x1000.jpg\" \/>\n\t<meta property=\"og:image:width\" content=\"750\" \/>\n\t<meta property=\"og:image:height\" content=\"938\" \/>\n\t<meta property=\"og:image:type\" content=\"image\/jpeg\" \/>\n<meta name=\"author\" content=\"Paula Feola\" \/>\n<meta name=\"twitter:card\" content=\"summary_large_image\" \/>\n<meta name=\"twitter:label1\" content=\"Scritto da\" \/>\n\t<meta name=\"twitter:data1\" content=\"Paula Feola\" \/>\n\t<meta name=\"twitter:label2\" content=\"Tempo di lettura stimato\" \/>\n\t<meta name=\"twitter:data2\" content=\"1 minuto\" \/>\n<script type=\"application\/ld+json\" class=\"yoast-schema-graph\">{\"@context\":\"https:\\\/\\\/schema.org\",\"@graph\":[{\"@type\":\"Article\",\"@id\":\"https:\\\/\\\/www.gracielamusteikis.com\\\/it\\\/graciela-musteikis-monaco-2026\\\/#article\",\"isPartOf\":{\"@id\":\"https:\\\/\\\/www.gracielamusteikis.com\\\/it\\\/graciela-musteikis-monaco-2026\\\/\"},\"author\":{\"name\":\"Paula Feola\",\"@id\":\"https:\\\/\\\/www.gracielamusteikis.com\\\/it\\\/#\\\/schema\\\/person\\\/bdf82a0854abd3ecbbb0e6ae9c6383ef\"},\"headline\":\"Graciela Musteikis M\u00f3naco 2026\",\"datePublished\":\"2026-08-17T23:57:32+00:00\",\"mainEntityOfPage\":{\"@id\":\"https:\\\/\\\/www.gracielamusteikis.com\\\/it\\\/graciela-musteikis-monaco-2026\\\/\"},\"wordCount\":175,\"publisher\":{\"@id\":\"https:\\\/\\\/www.gracielamusteikis.com\\\/it\\\/#\\\/schema\\\/person\\\/79086971e57f7c73f5b13213d39279d6\"},\"image\":{\"@id\":\"https:\\\/\\\/www.gracielamusteikis.com\\\/it\\\/graciela-musteikis-monaco-2026\\\/#primaryimage\"},\"thumbnailUrl\":\"https:\\\/\\\/www.gracielamusteikis.com\\\/wp-content\\\/uploads\\\/2026\\\/08\\\/Monaco-2026_750x1000.jpg\",\"articleSection\":[\"Europa\",\"Mostre\"],\"inLanguage\":\"it-IT\"},{\"@type\":\"WebPage\",\"@id\":\"https:\\\/\\\/www.gracielamusteikis.com\\\/it\\\/graciela-musteikis-monaco-2026\\\/\",\"url\":\"https:\\\/\\\/www.gracielamusteikis.com\\\/it\\\/graciela-musteikis-monaco-2026\\\/\",\"name\":\"Graciela Musteikis M\u00f3naco 2026 - Graciela Musteikis\",\"isPartOf\":{\"@id\":\"https:\\\/\\\/www.gracielamusteikis.com\\\/it\\\/#website\"},\"primaryImageOfPage\":{\"@id\":\"https:\\\/\\\/www.gracielamusteikis.com\\\/it\\\/graciela-musteikis-monaco-2026\\\/#primaryimage\"},\"image\":{\"@id\":\"https:\\\/\\\/www.gracielamusteikis.com\\\/it\\\/graciela-musteikis-monaco-2026\\\/#primaryimage\"},\"thumbnailUrl\":\"https:\\\/\\\/www.gracielamusteikis.com\\\/wp-content\\\/uploads\\\/2026\\\/08\\\/Monaco-2026_750x1000.jpg\",\"datePublished\":\"2026-08-17T23:57:32+00:00\",\"description\":\"Graciela Musteikis parteciper\u00e0 al Monaco Contemporary Art Fair 2026, dall'11 al 13 settembre. La sua prima esposizione a Monaco, rappresentata da MONAT Gallery.\",\"breadcrumb\":{\"@id\":\"https:\\\/\\\/www.gracielamusteikis.com\\\/it\\\/graciela-musteikis-monaco-2026\\\/#breadcrumb\"},\"inLanguage\":\"it-IT\",\"potentialAction\":[{\"@type\":\"ReadAction\",\"target\":[\"https:\\\/\\\/www.gracielamusteikis.com\\\/it\\\/graciela-musteikis-monaco-2026\\\/\"]}]},{\"@type\":\"ImageObject\",\"inLanguage\":\"it-IT\",\"@id\":\"https:\\\/\\\/www.gracielamusteikis.com\\\/it\\\/graciela-musteikis-monaco-2026\\\/#primaryimage\",\"url\":\"https:\\\/\\\/www.gracielamusteikis.com\\\/wp-content\\\/uploads\\\/2026\\\/08\\\/Monaco-2026_750x1000.jpg\",\"contentUrl\":\"https:\\\/\\\/www.gracielamusteikis.com\\\/wp-content\\\/uploads\\\/2026\\\/08\\\/Monaco-2026_750x1000.jpg\",\"width\":750,\"height\":938},{\"@type\":\"BreadcrumbList\",\"@id\":\"https:\\\/\\\/www.gracielamusteikis.com\\\/it\\\/graciela-musteikis-monaco-2026\\\/#breadcrumb\",\"itemListElement\":[{\"@type\":\"ListItem\",\"position\":1,\"name\":\"Portada\",\"item\":\"https:\\\/\\\/www.gracielamusteikis.com\\\/it\\\/\"},{\"@type\":\"ListItem\",\"position\":2,\"name\":\"Graciela Musteikis M\u00f3naco 2026\"}]},{\"@type\":\"WebSite\",\"@id\":\"https:\\\/\\\/www.gracielamusteikis.com\\\/it\\\/#website\",\"url\":\"https:\\\/\\\/www.gracielamusteikis.com\\\/it\\\/\",\"name\":\"Graciela Musteikis\",\"description\":\"Artista Pl\u00e1stica\",\"publisher\":{\"@id\":\"https:\\\/\\\/www.gracielamusteikis.com\\\/it\\\/#\\\/schema\\\/person\\\/79086971e57f7c73f5b13213d39279d6\"},\"potentialAction\":[{\"@type\":\"SearchAction\",\"target\":{\"@type\":\"EntryPoint\",\"urlTemplate\":\"https:\\\/\\\/www.gracielamusteikis.com\\\/it\\\/?s={search_term_string}\"},\"query-input\":{\"@type\":\"PropertyValueSpecification\",\"valueRequired\":true,\"valueName\":\"search_term_string\"}}],\"inLanguage\":\"it-IT\"},{\"@type\":[\"Person\",\"Organization\"],\"@id\":\"https:\\\/\\\/www.gracielamusteikis.com\\\/it\\\/#\\\/schema\\\/person\\\/79086971e57f7c73f5b13213d39279d6\",\"name\":\"Graciela Musteikis\",\"image\":{\"@type\":\"ImageObject\",\"inLanguage\":\"it-IT\",\"@id\":\"https:\\\/\\\/www.gracielamusteikis.com\\\/wp-content\\\/uploads\\\/2025\\\/01\\\/cropped-Logo_GM_blanco-y-negro_transp_80x80.png\",\"url\":\"https:\\\/\\\/www.gracielamusteikis.com\\\/wp-content\\\/uploads\\\/2025\\\/01\\\/cropped-Logo_GM_blanco-y-negro_transp_80x80.png\",\"contentUrl\":\"https:\\\/\\\/www.gracielamusteikis.com\\\/wp-content\\\/uploads\\\/2025\\\/01\\\/cropped-Logo_GM_blanco-y-negro_transp_80x80.png\",\"width\":512,\"height\":512,\"caption\":\"Graciela Musteikis\"},\"logo\":{\"@id\":\"https:\\\/\\\/www.gracielamusteikis.com\\\/wp-content\\\/uploads\\\/2025\\\/01\\\/cropped-Logo_GM_blanco-y-negro_transp_80x80.png\"},\"sameAs\":[\"https:\\\/\\\/www.instagram.com\\\/gold_graciela\\\/\"]},{\"@type\":\"Person\",\"@id\":\"https:\\\/\\\/www.gracielamusteikis.com\\\/it\\\/#\\\/schema\\\/person\\\/bdf82a0854abd3ecbbb0e6ae9c6383ef\",\"name\":\"Paula Feola\",\"sameAs\":[\"https:\\\/\\\/hostingdelsur.net\"],\"url\":\"https:\\\/\\\/www.gracielamusteikis.com\\\/it\\\/author\\\/paula-contenido\\\/\"}]}<\/script>\n<!-- \/ Yoast SEO plugin. -->","yoast_head_json":{"title":"Graciela Musteikis M\u00f3naco 2026 - Graciela Musteikis","description":"Graciela Musteikis parteciper\u00e0 al Monaco Contemporary Art Fair 2026, dall'11 al 13 settembre. La sua prima esposizione a Monaco, rappresentata da MONAT Gallery.","robots":{"index":"index","follow":"follow","max-snippet":"max-snippet:-1","max-image-preview":"max-image-preview:large","max-video-preview":"max-video-preview:-1"},"canonical":"https:\/\/www.gracielamusteikis.com\/it\/graciela-musteikis-monaco-2026\/","og_locale":"it_IT","og_type":"article","og_title":"Graciela Musteikis M\u00f3naco 2026 - Graciela Musteikis","og_description":"Graciela Musteikis parteciper\u00e0 al Monaco Contemporary Art Fair 2026, dall'11 al 13 settembre. La sua prima esposizione a Monaco, rappresentata da MONAT Gallery.","og_url":"https:\/\/www.gracielamusteikis.com\/it\/graciela-musteikis-monaco-2026\/","og_site_name":"Graciela Musteikis","article_published_time":"2026-08-17T23:57:32+00:00","og_image":[{"width":750,"height":938,"url":"https:\/\/www.gracielamusteikis.com\/wp-content\/uploads\/2026\/08\/Monaco-2026_750x1000.jpg","type":"image\/jpeg"}],"author":"Paula Feola","twitter_card":"summary_large_image","twitter_misc":{"Scritto da":"Paula Feola","Tempo di lettura stimato":"1 minuto"},"schema":{"@context":"https:\/\/schema.org","@graph":[{"@type":"Article","@id":"https:\/\/www.gracielamusteikis.com\/it\/graciela-musteikis-monaco-2026\/#article","isPartOf":{"@id":"https:\/\/www.gracielamusteikis.com\/it\/graciela-musteikis-monaco-2026\/"},"author":{"name":"Paula Feola","@id":"https:\/\/www.gracielamusteikis.com\/it\/#\/schema\/person\/bdf82a0854abd3ecbbb0e6ae9c6383ef"},"headline":"Graciela Musteikis M\u00f3naco 2026","datePublished":"2026-08-17T23:57:32+00:00","mainEntityOfPage":{"@id":"https:\/\/www.gracielamusteikis.com\/it\/graciela-musteikis-monaco-2026\/"},"wordCount":175,"publisher":{"@id":"https:\/\/www.gracielamusteikis.com\/it\/#\/schema\/person\/79086971e57f7c73f5b13213d39279d6"},"image":{"@id":"https:\/\/www.gracielamusteikis.com\/it\/graciela-musteikis-monaco-2026\/#primaryimage"},"thumbnailUrl":"https:\/\/www.gracielamusteikis.com\/wp-content\/uploads\/2026\/08\/Monaco-2026_750x1000.jpg","articleSection":["Europa","Mostre"],"inLanguage":"it-IT"},{"@type":"WebPage","@id":"https:\/\/www.gracielamusteikis.com\/it\/graciela-musteikis-monaco-2026\/","url":"https:\/\/www.gracielamusteikis.com\/it\/graciela-musteikis-monaco-2026\/","name":"Graciela Musteikis M\u00f3naco 2026 - Graciela Musteikis","isPartOf":{"@id":"https:\/\/www.gracielamusteikis.com\/it\/#website"},"primaryImageOfPage":{"@id":"https:\/\/www.gracielamusteikis.com\/it\/graciela-musteikis-monaco-2026\/#primaryimage"},"image":{"@id":"https:\/\/www.gracielamusteikis.com\/it\/graciela-musteikis-monaco-2026\/#primaryimage"},"thumbnailUrl":"https:\/\/www.gracielamusteikis.com\/wp-content\/uploads\/2026\/08\/Monaco-2026_750x1000.jpg","datePublished":"2026-08-17T23:57:32+00:00","description":"Graciela Musteikis parteciper\u00e0 al Monaco Contemporary Art Fair 2026, dall'11 al 13 settembre. La sua prima esposizione a Monaco, rappresentata da MONAT Gallery.","breadcrumb":{"@id":"https:\/\/www.gracielamusteikis.com\/it\/graciela-musteikis-monaco-2026\/#breadcrumb"},"inLanguage":"it-IT","potentialAction":[{"@type":"ReadAction","target":["https:\/\/www.gracielamusteikis.com\/it\/graciela-musteikis-monaco-2026\/"]}]},{"@type":"ImageObject","inLanguage":"it-IT","@id":"https:\/\/www.gracielamusteikis.com\/it\/graciela-musteikis-monaco-2026\/#primaryimage","url":"https:\/\/www.gracielamusteikis.com\/wp-content\/uploads\/2026\/08\/Monaco-2026_750x1000.jpg","contentUrl":"https:\/\/www.gracielamusteikis.com\/wp-content\/uploads\/2026\/08\/Monaco-2026_750x1000.jpg","width":750,"height":938},{"@type":"BreadcrumbList","@id":"https:\/\/www.gracielamusteikis.com\/it\/graciela-musteikis-monaco-2026\/#breadcrumb","itemListElement":[{"@type":"ListItem","position":1,"name":"Portada","item":"https:\/\/www.gracielamusteikis.com\/it\/"},{"@type":"ListItem","position":2,"name":"Graciela Musteikis M\u00f3naco 2026"}]},{"@type":"WebSite","@id":"https:\/\/www.gracielamusteikis.com\/it\/#website","url":"https:\/\/www.gracielamusteikis.com\/it\/","name":"Graciela Musteikis","description":"Artista Pl\u00e1stica","publisher":{"@id":"https:\/\/www.gracielamusteikis.com\/it\/#\/schema\/person\/79086971e57f7c73f5b13213d39279d6"},"potentialAction":[{"@type":"SearchAction","target":{"@type":"EntryPoint","urlTemplate":"https:\/\/www.gracielamusteikis.com\/it\/?s={search_term_string}"},"query-input":{"@type":"PropertyValueSpecification","valueRequired":true,"valueName":"search_term_string"}}],"inLanguage":"it-IT"},{"@type":["Person","Organization"],"@id":"https:\/\/www.gracielamusteikis.com\/it\/#\/schema\/person\/79086971e57f7c73f5b13213d39279d6","name":"Graciela Musteikis","image":{"@type":"ImageObject","inLanguage":"it-IT","@id":"https:\/\/www.gracielamusteikis.com\/wp-content\/uploads\/2025\/01\/cropped-Logo_GM_blanco-y-negro_transp_80x80.png","url":"https:\/\/www.gracielamusteikis.com\/wp-content\/uploads\/2025\/01\/cropped-Logo_GM_blanco-y-negro_transp_80x80.png","contentUrl":"https:\/\/www.gracielamusteikis.com\/wp-content\/uploads\/2025\/01\/cropped-Logo_GM_blanco-y-negro_transp_80x80.png","width":512,"height":512,"caption":"Graciela Musteikis"},"logo":{"@id":"https:\/\/www.gracielamusteikis.com\/wp-content\/uploads\/2025\/01\/cropped-Logo_GM_blanco-y-negro_transp_80x80.png"},"sameAs":["https:\/\/www.instagram.com\/gold_graciela\/"]},{"@type":"Person","@id":"https:\/\/www.gracielamusteikis.com\/it\/#\/schema\/person\/bdf82a0854abd3ecbbb0e6ae9c6383ef","name":"Paula Feola","sameAs":["https:\/\/hostingdelsur.net"],"url":"https:\/\/www.gracielamusteikis.com\/it\/author\/paula-contenido\/"}]}},"acf":[],"_links":{"self":[{"href":"https:\/\/www.gracielamusteikis.com\/it\/wp-json\/wp\/v2\/posts\/102992","targetHints":{"allow":["GET"]}}],"collection":[{"href":"https:\/\/www.gracielamusteikis.com\/it\/wp-json\/wp\/v2\/posts"}],"about":[{"href":"https:\/\/www.gracielamusteikis.com\/it\/wp-json\/wp\/v2\/types\/post"}],"author":[{"embeddable":true,"href":"https:\/\/www.gracielamusteikis.com\/it\/wp-json\/wp\/v2\/users\/3"}],"replies":[{"embeddable":true,"href":"https:\/\/www.gracielamusteikis.com\/it\/wp-json\/wp\/v2\/comments?post=102992"}],"version-history":[{"count":0,"href":"https:\/\/www.gracielamusteikis.com\/it\/wp-json\/wp\/v2\/posts\/102992\/revisions"}],"wp:featuredmedia":[{"embeddable":true,"href":"https:\/\/www.gracielamusteikis.com\/it\/wp-json\/wp\/v2\/media\/102993"}],"wp:attachment":[{"href":"https:\/\/www.gracielamusteikis.com\/it\/wp-json\/wp\/v2\/media?parent=102992"}],"wp:term":[{"taxonomy":"category","embeddable":true,"href":"https:\/\/www.gracielamusteikis.com\/it\/wp-json\/wp\/v2\/categories?post=102992"},{"taxonomy":"post_tag","embeddable":true,"href":"https:\/\/www.gracielamusteikis.com\/it\/wp-json\/wp\/v2\/tags?post=102992"}],"curies":[{"name":"wp","href":"https:\/\/api.w.org\/{rel}","templated":true}]}}